{"id":25289,"date":"2025-07-22T13:07:10","date_gmt":"2025-07-22T11:07:10","guid":{"rendered":"https:\/\/grupotragaluz.com\/horarios-de-verano\/"},"modified":"2025-07-30T15:01:48","modified_gmt":"2025-07-30T13:01:48","slug":"horaris-estiu","status":"publish","type":"post","link":"https:\/\/grupotragaluz.com\/ca\/horaris-estiu\/","title":{"rendered":"Horaris d&#8217;estiu agost 2025"},"content":{"rendered":"<div style=\"height: 1px; clear: both;\"><\/div>\n<h3 style=\"font-weight:600;\">BARCELONA<\/h3>\n<div style=\"height: 20px; clear: both;\"><\/div>\n<p>ROJO<br \/>\nObrim de dijous a dilluns<br \/>\nTancat dimarts i dimecres.<\/p>\n<p>El Club estar\u00e0 tancat del 31 de juliol al 4 de setembre.<\/p>\n<div style=\"height: 20px; clear: both;\"><\/div>\n<p>NEGRO<br \/>\nObrim de dimarts a dissabte<br \/>\nTancat diumenge i dilluns<\/p>\n<p>El Club estar\u00e0 tancat del 31 de juliol al 4 de setembre<\/p>\n<div style=\"height: 20px; clear: both;\"><\/div>\n<p>COHETE<br \/>\nRestaurant tancat del 2 al 27 d\u2019agost<\/p>\n<p>Els Clubs (DISCOBAR &#038; G SPOT) estaran tancats del 31 de juliol al 4 de setembre<\/p>\n<div style=\"height: 20px; clear: both;\"><\/div>\n<p>BOSCO DE LOBOS BARCELONA<br \/>\nObert cada dia<\/p>\n<div style=\"height: 20px; clear: both;\"><\/div>\n<p>TRAGALUZ<br \/>\nObert cada dia<\/p>\n<div style=\"height: 20px; clear: both;\"><\/div>\n<p>EL JAPON\u00c8S<br \/>\nObert cada dia<\/p>\n<div style=\"height: 20px; clear: both;\"><\/div>\n<p>BAR LOBO<br \/>\nObert cada dia<\/p>\n<div style=\"height: 20px; clear: both;\"><\/div>\n<p>GATS<br \/>\nObert cada dia<\/p>\n<div style=\"height: 20px; clear: both;\"><\/div>\n<p>CUINES DE SANTA CATERINA<br \/>\nObert cada dia<\/p>\n<div style=\"height: 20px; clear: both;\"><\/div>\n<p>BAR TOMATE BARCELONA<br \/>\nObert cada dia<\/p>\n<div style=\"height: 20px; clear: both;\"><\/div>\n<p>THE GREEN SPOT<br \/>\nObert cada dia<\/p>\n<div style=\"height: 20px; clear: both;\"><\/div>\n<p>TAPAS LOBITO<br \/>\nObert cada dia<\/p>\n<div style=\"height: 20px; clear: both;\"><\/div>\n<p>FISKEBAR<br \/>\nObert cada dia<\/p>\n<div style=\"height: 20px; clear: both;\"><\/div>\n<p>GALLITO<br \/>\nObert cada dia<\/p>\n<div style=\"height: 20px; clear: both;\"><\/div>\n<p>PEZ VELA<br \/>\nObert cada dia<\/p>\n<div style=\"height: 20px; clear: both;\"><\/div>\n<p>CAMPING MAR<br \/>\nDiumenge a dimecres: obert nom\u00e9s al migdia<br \/>\nDijous a dissabte: obert al migdia i al vespre<\/p>\n<div style=\"height: 20px; clear: both;\"><\/div>\n<h3 style=\"font-weight:600;\">COSTA BRAVA<\/h3>\n<div style=\"height: 20px; clear: both;\"><\/div>\n<p>TRAGAMAR<br \/>\nObert cada dia<\/p>\n<div style=\"height: 20px; clear: both;\"><\/div>\n<h3 style=\"font-weight:600;\">MADRID<\/h3>\n<div style=\"height: 20px; clear: both;\"><\/div>\n<p>LUZI BOMB\u00d3N<br \/>\nObert cada dia<\/p>\n<div style=\"height: 20px; clear: both;\"><\/div>\n<p>BAR TOMATE MADRID<br \/>\nObert cada dia<\/p>\n<p>El brunch torna al setembre!<\/p>\n<div style=\"height: 20px; clear: both;\"><\/div>\n<p>TRAGALUZ MADRID<br \/>\nObert cada dia<\/p>\n<div style=\"height: 20px; clear: both;\"><\/div>\n<p>BOSCO DE LOBOS MADRID<br \/>\nObert cada dia<\/p>\n<div style=\"height: 20px; clear: both;\"><\/div>\n<h3 style=\"font-weight:600;\">MALLORCA <\/h3>\n<div style=\"height: 20px; clear: both;\"><\/div>\n<p>SPOT<br \/>\nObert cada dia<\/p>\n<div style=\"height: 20px; clear: both;\"><\/div>\n<p>MARILUZ<br \/>\nObert cada dia<\/p>\n","protected":false},"excerpt":{"rendered":"<p>BARCELONA ROJO Obrim de dijous a dilluns Tancat dimarts i dimecres. El Club estar\u00e0 tancat del 31 de juliol al 4 de setembre. NEGRO Obrim<\/p>\n","protected":false},"author":3,"featured_media":31171,"comment_status":"open","ping_status":"open","sticky":false,"template":"","format":"standard","meta":{"_acf_changed":false,"footnotes":""},"categories":[22],"tags":[],"class_list":["post-25289","post","type-post","status-publish","format-standard","has-post-thumbnail","hentry","category-uncategorized-ca"],"acf":[],"yoast_head":"<!-- This site is optimized with the Yoast SEO plugin v27.5 - https:\/\/yoast.com\/product\/yoast-seo-wordpress\/ -->\n<title>Horaris d&#039;estiu agost 2025 - Grupo Tragaluz<\/title>\n<meta name=\"description\" content=\"Restaurantes Grupo Tragaluz. Cada una de las propuestas del grupo tiene un car\u00e1cter propio, fruto de un estudiado equilibrio entre gastronom\u00eda y dise\u00f1o.\" \/>\n<meta name=\"robots\" content=\"index, follow, max-snippet:-1, max-image-preview:large, max-video-preview:-1\" \/>\n<link rel=\"canonical\" href=\"https:\/\/grupotragaluz.com\/ca\/horaris-estiu\/\" \/>\n<meta property=\"og:locale\" content=\"ca_ES\" \/>\n<meta property=\"og:type\" content=\"article\" \/>\n<meta property=\"og:title\" content=\"Horaris d&#039;estiu agost 2025 - Grupo Tragaluz\" \/>\n<meta property=\"og:description\" content=\"Restaurantes Grupo Tragaluz. Cada una de las propuestas del grupo tiene un car\u00e1cter propio, fruto de un estudiado equilibrio entre gastronom\u00eda y dise\u00f1o.\" \/>\n<meta property=\"og:url\" content=\"https:\/\/grupotragaluz.com\/ca\/horaris-estiu\/\" \/>\n<meta property=\"og:site_name\" content=\"Grupo Tragaluz\" \/>\n<meta property=\"article:published_time\" content=\"2025-07-22T11:07:10+00:00\" \/>\n<meta property=\"article:modified_time\" content=\"2025-07-30T13:01:48+00:00\" \/>\n<meta property=\"og:image\" content=\"https:\/\/grupotragaluz.com\/wp-content\/uploads\/horarios-verano-2025-01.jpg\" \/>\n\t<meta property=\"og:image:width\" content=\"700\" \/>\n\t<meta property=\"og:image:height\" content=\"1050\" \/>\n\t<meta property=\"og:image:type\" content=\"image\/jpeg\" \/>\n<meta name=\"author\" content=\"colorsfera\" \/>\n<meta name=\"twitter:card\" content=\"summary_large_image\" \/>\n<meta name=\"twitter:label1\" content=\"Written by\" \/>\n\t<meta name=\"twitter:data1\" content=\"colorsfera\" \/>\n\t<meta name=\"twitter:label2\" content=\"Est. reading time\" \/>\n\t<meta name=\"twitter:data2\" content=\"2 minutes\" \/>\n<script type=\"application\/ld+json\" class=\"yoast-schema-graph\">{\"@context\":\"https:\\\/\\\/schema.org\",\"@graph\":[{\"@type\":\"Article\",\"@id\":\"https:\\\/\\\/grupotragaluz.com\\\/ca\\\/horaris-estiu\\\/#article\",\"isPartOf\":{\"@id\":\"https:\\\/\\\/grupotragaluz.com\\\/ca\\\/horaris-estiu\\\/\"},\"author\":{\"name\":\"colorsfera\",\"@id\":\"https:\\\/\\\/grupotragaluz.com\\\/ca\\\/#\\\/schema\\\/person\\\/dd85f3dfe8cd9ab5faf45e6a11f901ee\"},\"headline\":\"Horaris d&#8217;estiu agost 2025\",\"datePublished\":\"2025-07-22T11:07:10+00:00\",\"dateModified\":\"2025-07-30T13:01:48+00:00\",\"mainEntityOfPage\":{\"@id\":\"https:\\\/\\\/grupotragaluz.com\\\/ca\\\/horaris-estiu\\\/\"},\"wordCount\":245,\"commentCount\":0,\"image\":{\"@id\":\"https:\\\/\\\/grupotragaluz.com\\\/ca\\\/horaris-estiu\\\/#primaryimage\"},\"thumbnailUrl\":\"https:\\\/\\\/grupotragaluz.com\\\/wp-content\\\/uploads\\\/horarios-verano-2025-01.jpg\",\"articleSection\":[\"Uncategorized @ca\"],\"inLanguage\":\"ca\",\"potentialAction\":[{\"@type\":\"CommentAction\",\"name\":\"Comment\",\"target\":[\"https:\\\/\\\/grupotragaluz.com\\\/ca\\\/horaris-estiu\\\/#respond\"]}]},{\"@type\":\"WebPage\",\"@id\":\"https:\\\/\\\/grupotragaluz.com\\\/ca\\\/horaris-estiu\\\/\",\"url\":\"https:\\\/\\\/grupotragaluz.com\\\/ca\\\/horaris-estiu\\\/\",\"name\":\"Horaris d'estiu agost 2025 - Grupo Tragaluz\",\"isPartOf\":{\"@id\":\"https:\\\/\\\/grupotragaluz.com\\\/ca\\\/#website\"},\"primaryImageOfPage\":{\"@id\":\"https:\\\/\\\/grupotragaluz.com\\\/ca\\\/horaris-estiu\\\/#primaryimage\"},\"image\":{\"@id\":\"https:\\\/\\\/grupotragaluz.com\\\/ca\\\/horaris-estiu\\\/#primaryimage\"},\"thumbnailUrl\":\"https:\\\/\\\/grupotragaluz.com\\\/wp-content\\\/uploads\\\/horarios-verano-2025-01.jpg\",\"datePublished\":\"2025-07-22T11:07:10+00:00\",\"dateModified\":\"2025-07-30T13:01:48+00:00\",\"author\":{\"@id\":\"https:\\\/\\\/grupotragaluz.com\\\/ca\\\/#\\\/schema\\\/person\\\/dd85f3dfe8cd9ab5faf45e6a11f901ee\"},\"description\":\"Restaurantes Grupo Tragaluz. Cada una de las propuestas del grupo tiene un car\u00e1cter propio, fruto de un estudiado equilibrio entre gastronom\u00eda y dise\u00f1o.\",\"breadcrumb\":{\"@id\":\"https:\\\/\\\/grupotragaluz.com\\\/ca\\\/horaris-estiu\\\/#breadcrumb\"},\"inLanguage\":\"ca\",\"potentialAction\":[{\"@type\":\"ReadAction\",\"target\":[\"https:\\\/\\\/grupotragaluz.com\\\/ca\\\/horaris-estiu\\\/\"]}]},{\"@type\":\"ImageObject\",\"inLanguage\":\"ca\",\"@id\":\"https:\\\/\\\/grupotragaluz.com\\\/ca\\\/horaris-estiu\\\/#primaryimage\",\"url\":\"https:\\\/\\\/grupotragaluz.com\\\/wp-content\\\/uploads\\\/horarios-verano-2025-01.jpg\",\"contentUrl\":\"https:\\\/\\\/grupotragaluz.com\\\/wp-content\\\/uploads\\\/horarios-verano-2025-01.jpg\",\"width\":700,\"height\":1050},{\"@type\":\"BreadcrumbList\",\"@id\":\"https:\\\/\\\/grupotragaluz.com\\\/ca\\\/horaris-estiu\\\/#breadcrumb\",\"itemListElement\":[{\"@type\":\"ListItem\",\"position\":1,\"name\":\"Portada\",\"item\":\"https:\\\/\\\/grupotragaluz.com\\\/ca\\\/\"},{\"@type\":\"ListItem\",\"position\":2,\"name\":\"Horaris d&#8217;estiu agost 2025\"}]},{\"@type\":\"WebSite\",\"@id\":\"https:\\\/\\\/grupotragaluz.com\\\/ca\\\/#website\",\"url\":\"https:\\\/\\\/grupotragaluz.com\\\/ca\\\/\",\"name\":\"Grupo Tragaluz\",\"description\":\"Restaurantes Grupo Tragaluz. Cada una de las propuestas del grupo tiene un car\u00e1cter propio, fruto de un estudiado equilibrio entre gastronom\u00eda y dise\u00f1o.\",\"potentialAction\":[{\"@type\":\"SearchAction\",\"target\":{\"@type\":\"EntryPoint\",\"urlTemplate\":\"https:\\\/\\\/grupotragaluz.com\\\/ca\\\/?s={search_term_string}\"},\"query-input\":{\"@type\":\"PropertyValueSpecification\",\"valueRequired\":true,\"valueName\":\"search_term_string\"}}],\"inLanguage\":\"ca\"},{\"@type\":\"Person\",\"@id\":\"https:\\\/\\\/grupotragaluz.com\\\/ca\\\/#\\\/schema\\\/person\\\/dd85f3dfe8cd9ab5faf45e6a11f901ee\",\"name\":\"colorsfera\",\"image\":{\"@type\":\"ImageObject\",\"inLanguage\":\"ca\",\"@id\":\"https:\\\/\\\/secure.gravatar.com\\\/avatar\\\/936e633e0bfcab40942bd9960227043714e5d5ef7a44a158f79f8b1161cd42ae?s=96&d=mm&r=g\",\"url\":\"https:\\\/\\\/secure.gravatar.com\\\/avatar\\\/936e633e0bfcab40942bd9960227043714e5d5ef7a44a158f79f8b1161cd42ae?s=96&d=mm&r=g\",\"contentUrl\":\"https:\\\/\\\/secure.gravatar.com\\\/avatar\\\/936e633e0bfcab40942bd9960227043714e5d5ef7a44a158f79f8b1161cd42ae?s=96&d=mm&r=g\",\"caption\":\"colorsfera\"},\"url\":\"https:\\\/\\\/grupotragaluz.com\\\/ca\\\/author\\\/colorsfera\\\/\"}]}<\/script>\n<!-- \/ Yoast SEO plugin. -->","yoast_head_json":{"title":"Horaris d'estiu agost 2025 - Grupo Tragaluz","description":"Restaurantes Grupo Tragaluz. Cada una de las propuestas del grupo tiene un car\u00e1cter propio, fruto de un estudiado equilibrio entre gastronom\u00eda y dise\u00f1o.","robots":{"index":"index","follow":"follow","max-snippet":"max-snippet:-1","max-image-preview":"max-image-preview:large","max-video-preview":"max-video-preview:-1"},"canonical":"https:\/\/grupotragaluz.com\/ca\/horaris-estiu\/","og_locale":"ca_ES","og_type":"article","og_title":"Horaris d'estiu agost 2025 - Grupo Tragaluz","og_description":"Restaurantes Grupo Tragaluz. Cada una de las propuestas del grupo tiene un car\u00e1cter propio, fruto de un estudiado equilibrio entre gastronom\u00eda y dise\u00f1o.","og_url":"https:\/\/grupotragaluz.com\/ca\/horaris-estiu\/","og_site_name":"Grupo Tragaluz","article_published_time":"2025-07-22T11:07:10+00:00","article_modified_time":"2025-07-30T13:01:48+00:00","og_image":[{"width":700,"height":1050,"url":"https:\/\/grupotragaluz.com\/wp-content\/uploads\/horarios-verano-2025-01.jpg","type":"image\/jpeg"}],"author":"colorsfera","twitter_card":"summary_large_image","twitter_misc":{"Written by":"colorsfera","Est. reading time":"2 minutes"},"schema":{"@context":"https:\/\/schema.org","@graph":[{"@type":"Article","@id":"https:\/\/grupotragaluz.com\/ca\/horaris-estiu\/#article","isPartOf":{"@id":"https:\/\/grupotragaluz.com\/ca\/horaris-estiu\/"},"author":{"name":"colorsfera","@id":"https:\/\/grupotragaluz.com\/ca\/#\/schema\/person\/dd85f3dfe8cd9ab5faf45e6a11f901ee"},"headline":"Horaris d&#8217;estiu agost 2025","datePublished":"2025-07-22T11:07:10+00:00","dateModified":"2025-07-30T13:01:48+00:00","mainEntityOfPage":{"@id":"https:\/\/grupotragaluz.com\/ca\/horaris-estiu\/"},"wordCount":245,"commentCount":0,"image":{"@id":"https:\/\/grupotragaluz.com\/ca\/horaris-estiu\/#primaryimage"},"thumbnailUrl":"https:\/\/grupotragaluz.com\/wp-content\/uploads\/horarios-verano-2025-01.jpg","articleSection":["Uncategorized @ca"],"inLanguage":"ca","potentialAction":[{"@type":"CommentAction","name":"Comment","target":["https:\/\/grupotragaluz.com\/ca\/horaris-estiu\/#respond"]}]},{"@type":"WebPage","@id":"https:\/\/grupotragaluz.com\/ca\/horaris-estiu\/","url":"https:\/\/grupotragaluz.com\/ca\/horaris-estiu\/","name":"Horaris d'estiu agost 2025 - Grupo Tragaluz","isPartOf":{"@id":"https:\/\/grupotragaluz.com\/ca\/#website"},"primaryImageOfPage":{"@id":"https:\/\/grupotragaluz.com\/ca\/horaris-estiu\/#primaryimage"},"image":{"@id":"https:\/\/grupotragaluz.com\/ca\/horaris-estiu\/#primaryimage"},"thumbnailUrl":"https:\/\/grupotragaluz.com\/wp-content\/uploads\/horarios-verano-2025-01.jpg","datePublished":"2025-07-22T11:07:10+00:00","dateModified":"2025-07-30T13:01:48+00:00","author":{"@id":"https:\/\/grupotragaluz.com\/ca\/#\/schema\/person\/dd85f3dfe8cd9ab5faf45e6a11f901ee"},"description":"Restaurantes Grupo Tragaluz. Cada una de las propuestas del grupo tiene un car\u00e1cter propio, fruto de un estudiado equilibrio entre gastronom\u00eda y dise\u00f1o.","breadcrumb":{"@id":"https:\/\/grupotragaluz.com\/ca\/horaris-estiu\/#breadcrumb"},"inLanguage":"ca","potentialAction":[{"@type":"ReadAction","target":["https:\/\/grupotragaluz.com\/ca\/horaris-estiu\/"]}]},{"@type":"ImageObject","inLanguage":"ca","@id":"https:\/\/grupotragaluz.com\/ca\/horaris-estiu\/#primaryimage","url":"https:\/\/grupotragaluz.com\/wp-content\/uploads\/horarios-verano-2025-01.jpg","contentUrl":"https:\/\/grupotragaluz.com\/wp-content\/uploads\/horarios-verano-2025-01.jpg","width":700,"height":1050},{"@type":"BreadcrumbList","@id":"https:\/\/grupotragaluz.com\/ca\/horaris-estiu\/#breadcrumb","itemListElement":[{"@type":"ListItem","position":1,"name":"Portada","item":"https:\/\/grupotragaluz.com\/ca\/"},{"@type":"ListItem","position":2,"name":"Horaris d&#8217;estiu agost 2025"}]},{"@type":"WebSite","@id":"https:\/\/grupotragaluz.com\/ca\/#website","url":"https:\/\/grupotragaluz.com\/ca\/","name":"Grupo Tragaluz","description":"Restaurantes Grupo Tragaluz. Cada una de las propuestas del grupo tiene un car\u00e1cter propio, fruto de un estudiado equilibrio entre gastronom\u00eda y dise\u00f1o.","potentialAction":[{"@type":"SearchAction","target":{"@type":"EntryPoint","urlTemplate":"https:\/\/grupotragaluz.com\/ca\/?s={search_term_string}"},"query-input":{"@type":"PropertyValueSpecification","valueRequired":true,"valueName":"search_term_string"}}],"inLanguage":"ca"},{"@type":"Person","@id":"https:\/\/grupotragaluz.com\/ca\/#\/schema\/person\/dd85f3dfe8cd9ab5faf45e6a11f901ee","name":"colorsfera","image":{"@type":"ImageObject","inLanguage":"ca","@id":"https:\/\/secure.gravatar.com\/avatar\/936e633e0bfcab40942bd9960227043714e5d5ef7a44a158f79f8b1161cd42ae?s=96&d=mm&r=g","url":"https:\/\/secure.gravatar.com\/avatar\/936e633e0bfcab40942bd9960227043714e5d5ef7a44a158f79f8b1161cd42ae?s=96&d=mm&r=g","contentUrl":"https:\/\/secure.gravatar.com\/avatar\/936e633e0bfcab40942bd9960227043714e5d5ef7a44a158f79f8b1161cd42ae?s=96&d=mm&r=g","caption":"colorsfera"},"url":"https:\/\/grupotragaluz.com\/ca\/author\/colorsfera\/"}]}},"publishpress_future_action":{"enabled":false,"date":"2026-05-10 16:42:58","action":"change-status","newStatus":"draft","terms":[],"taxonomy":"category","extraData":[]},"publishpress_future_workflow_manual_trigger":{"enabledWorkflows":[]},"_links":{"self":[{"href":"https:\/\/grupotragaluz.com\/ca\/wp-json\/wp\/v2\/posts\/25289","targetHints":{"allow":["GET"]}}],"collection":[{"href":"https:\/\/grupotragaluz.com\/ca\/wp-json\/wp\/v2\/posts"}],"about":[{"href":"https:\/\/grupotragaluz.com\/ca\/wp-json\/wp\/v2\/types\/post"}],"author":[{"embeddable":true,"href":"https:\/\/grupotragaluz.com\/ca\/wp-json\/wp\/v2\/users\/3"}],"replies":[{"embeddable":true,"href":"https:\/\/grupotragaluz.com\/ca\/wp-json\/wp\/v2\/comments?post=25289"}],"version-history":[{"count":15,"href":"https:\/\/grupotragaluz.com\/ca\/wp-json\/wp\/v2\/posts\/25289\/revisions"}],"predecessor-version":[{"id":31337,"href":"https:\/\/grupotragaluz.com\/ca\/wp-json\/wp\/v2\/posts\/25289\/revisions\/31337"}],"wp:featuredmedia":[{"embeddable":true,"href":"https:\/\/grupotragaluz.com\/ca\/wp-json\/wp\/v2\/media\/31171"}],"wp:attachment":[{"href":"https:\/\/grupotragaluz.com\/ca\/wp-json\/wp\/v2\/media?parent=25289"}],"wp:term":[{"taxonomy":"category","embeddable":true,"href":"https:\/\/grupotragaluz.com\/ca\/wp-json\/wp\/v2\/categories?post=25289"},{"taxonomy":"post_tag","embeddable":true,"href":"https:\/\/grupotragaluz.com\/ca\/wp-json\/wp\/v2\/tags?post=25289"}],"curies":[{"name":"wp","href":"https:\/\/api.w.org\/{rel}","templated":true}]}}